{"id":392,"date":"2018-06-14T15:46:53","date_gmt":"2018-06-14T18:46:53","guid":{"rendered":"https:\/\/mamaeautentica.com.br\/?p=392"},"modified":"2018-06-14T15:46:53","modified_gmt":"2018-06-14T18:46:53","slug":"escolas-aproveitam-a-copa-para-ensinar-a-lidar-com-as-emocoes","status":"publish","type":"post","link":"https:\/\/mamaeautentica.com.br\/?p=392","title":{"rendered":"Escolas aproveitam a Copa para ensinar a lidar com as emo\u00e7\u00f5es"},"content":{"rendered":"<p style=\"text-align: left;\" align=\"center\"><em>Evento mundial desperta sentimentos positivos e desagrad\u00e1veis, como alegria, ansiedade, expectativa, raiva e frustra\u00e7\u00e3o. Programa de aprendizagem socioemocional prepara estudantes para compreender a multiplicidade de emo\u00e7\u00f5es que surgem durante uma partida de futebol<\/em><\/p>\n<p>&nbsp;<\/p>\n<p>Levar a Copa do Mundo para a sala de aula \u00e9 um recurso pedag\u00f3gico eficaz, j\u00e1 que o tema desperta a aten\u00e7\u00e3o dos alunos e aumenta o engajamento dos estudantes nessa \u00e9poca. Em muitas escolas que ensinam aprendizagem socioemocional, o assunto est\u00e1 sendo trabalhado como recurso para estimular a compreens\u00e3o e a an\u00e1lise sobre as emo\u00e7\u00f5es e dom\u00ednios, como autoconhecimento, autocontrole, empatia, tomada de decis\u00f5es respons\u00e1veis e habilidades sociais.<\/p>\n<p>Para alunos de 6 a 9 anos, por exemplo, s\u00e3o propostas atividades que estimulam o dom\u00ednio socioemocional do autoconhecimento. Os estudantes devem se colocar no lugar de um jogador profissional e pensar na emo\u00e7\u00e3o dominante em situa\u00e7\u00f5es comuns numa partida de futebol. Na sequ\u00eancia, em grupos, eles devem comparar e discutir suas respostas. \u201c\u00c9 importante a crian\u00e7a se colocar no lugar do outro e reconhecer os sentimentos que podem ter surgido em determinada situa\u00e7\u00e3o. \u00c9 o que chamamos de alfabetiza\u00e7\u00e3o emocional\u201d, explica Eduardo Calbucci, um dos criadores do Programa Semente.<\/p>\n<p>A agress\u00e3o de Zinedine Zidane a Marco Materazzi, na final da Copa de Mundo de 2006, tamb\u00e9m \u00e9 tema de atividade proposta para alunos de 10 a 11 anos. \u201c\u00c9 um exemplo claro sobre as dificuldades de regular as emo\u00e7\u00f5es que podem ser despertadas nos jogadores de futebol, durante uma partida\u201d, explica Calbucci. Segundo ele, nesse trabalho os alunos s\u00e3o estimulados a retomar as estrat\u00e9gias de regula\u00e7\u00e3o da raiva, como forma de fazer escolhas melhores.<\/p>\n<p>Outras situa\u00e7\u00f5es, como o 7 a 1 entre Brasil e Alemanha, maior goleada da hist\u00f3ria sofrida pela sele\u00e7\u00e3o brasileira, na Semifinal da Copa do Mundo de 2014, e substitui\u00e7\u00f5es de jogadores que causaram pol\u00eamica na hist\u00f3ria das Copas s\u00e3o temas de aulas no Ensino M\u00e9dio. \u201cS\u00e3o oportunidades valiosas de discutir quest\u00f5es como controle emocional, tomada de decis\u00f5es e trabalho em equipe, fundamentais para alunos que est\u00e3o se preparando para o mercado o mercado de trabalho\u201d, ressalta Calbucci.<\/p>\n<p>O Programa Semente trabalha de forma estruturada os cinco dom\u00ednios: autoconhecimento, autocontrole, empatia, tomada de decis\u00f5es respons\u00e1veis e habilidades sociais. Atualmente, cerca de 30 mil alunos j\u00e1 utilizam a metodologia em escolas brasileiras.<\/p>\n<p>&nbsp;<\/p>\n<p>Sobre o Programa Semente (<a href=\"http:\/\/www.programasemente.com.br\/\" target=\"_blank\" rel=\"noopener\">www.programasemente.com.br<\/a>)<strong>\u00a0<\/strong>\u2013 Com uma abordagem moderna e inovadora, o Programa Semente est\u00e1 presente em escolas brasileiras contribuindo para o desenvolvimento socioemocional de alunos e educadores. A partir de um material escrito por educadores, m\u00e9dicos e psic\u00f3logos, sua metodologia possibilita que sejam trabalhadas em sala de aula quest\u00f5es como sociabilidade, autoconhecimento, autocontrole, empatia e decis\u00f5es respons\u00e1veis, entre outras habilidades, cada vez mais presentes no mundo do trabalho e nas principais avalia\u00e7\u00f5es internacionais de educa\u00e7\u00e3o, como o PISA. Desta forma, o Programa Semente contribui para a alfabetiza\u00e7\u00e3o emocional.<\/p>\n<p>&nbsp;<\/p>\n<p>Fonte e Foto: Mira Comunica<\/p>\n","protected":false},"excerpt":{"rendered":"<p>Evento mundial desperta sentimentos positivos e desagrad\u00e1veis, como alegria, ansiedade, expectativa, raiva e frustra\u00e7\u00e3o. Programa de aprendizagem socioemocional prepara estudantes para compreender a&#8230;<\/p>\n","protected":false},"author":1,"featured_media":393,"comment_status":"open","ping_status":"open","sticky":false,"template":"","format":"standard","meta":{"footnotes":""},"categories":[8,10],"tags":[263,250,264,265],"class_list":["post-392","post","type-post","status-publish","format-standard","has-post-thumbnail","hentry","category-criancas","category-comportamento-e-educacao","tag-alunos","tag-copa-do-mundo","tag-emocoes-da-copa","tag-programa-semente"],"_links":{"self":[{"href":"https:\/\/mamaeautentica.com.br\/index.php?rest_route=\/wp\/v2\/posts\/392","targetHints":{"allow":["GET"]}}],"collection":[{"href":"https:\/\/mamaeautentica.com.br\/index.php?rest_route=\/wp\/v2\/posts"}],"about":[{"href":"https:\/\/mamaeautentica.com.br\/index.php?rest_route=\/wp\/v2\/types\/post"}],"author":[{"embeddable":true,"href":"https:\/\/mamaeautentica.com.br\/index.php?rest_route=\/wp\/v2\/users\/1"}],"replies":[{"embeddable":true,"href":"https:\/\/mamaeautentica.com.br\/index.php?rest_route=%2Fwp%2Fv2%2Fcomments&post=392"}],"version-history":[{"count":1,"href":"https:\/\/mamaeautentica.com.br\/index.php?rest_route=\/wp\/v2\/posts\/392\/revisions"}],"predecessor-version":[{"id":394,"href":"https:\/\/mamaeautentica.com.br\/index.php?rest_route=\/wp\/v2\/posts\/392\/revisions\/394"}],"wp:featuredmedia":[{"embeddable":true,"href":"https:\/\/mamaeautentica.com.br\/index.php?rest_route=\/wp\/v2\/media\/393"}],"wp:attachment":[{"href":"https:\/\/mamaeautentica.com.br\/index.php?rest_route=%2Fwp%2Fv2%2Fmedia&parent=392"}],"wp:term":[{"taxonomy":"category","embeddable":true,"href":"https:\/\/mamaeautentica.com.br\/index.php?rest_route=%2Fwp%2Fv2%2Fcategories&post=392"},{"taxonomy":"post_tag","embeddable":true,"href":"https:\/\/mamaeautentica.com.br\/index.php?rest_route=%2Fwp%2Fv2%2Ftags&post=392"}],"curies":[{"name":"wp","href":"https:\/\/api.w.org\/{rel}","templated":true}]}}